{"id":572,"date":"2022-12-15T16:37:58","date_gmt":"2022-12-15T15:37:58","guid":{"rendered":"https:\/\/clarissesvoreppe.fr\/?p=572"},"modified":"2023-02-16T23:09:55","modified_gmt":"2023-02-16T22:09:55","slug":"les-vitraux","status":"publish","type":"post","link":"https:\/\/clarissesvoreppe.fr\/index.php\/les-vitraux\/","title":{"rendered":"Les vitraux"},"content":{"rendered":"\n[et_pb_section fb_built=\u00a0\u00bb1&Prime; _builder_version=\u00a0\u00bb4.16&Prime; global_colors_info=\u00a0\u00bb{}\u00a0\u00bb theme_builder_area=\u00a0\u00bbpost_content\u00a0\u00bb][et_pb_row _builder_version=\u00a0\u00bb4.16&Prime; background_size=\u00a0\u00bbinitial\u00a0\u00bb background_position=\u00a0\u00bbtop_left\u00a0\u00bb background_repeat=\u00a0\u00bbrepeat\u00a0\u00bb global_colors_info=\u00a0\u00bb{}\u00a0\u00bb theme_builder_area=\u00a0\u00bbpost_content\u00a0\u00bb][et_pb_column type=\u00a0\u00bb4_4&Prime; _builder_version=\u00a0\u00bb4.16&Prime; custom_padding=\u00a0\u00bb|||\u00a0\u00bb global_colors_info=\u00a0\u00bb{}\u00a0\u00bb custom_padding__hover=\u00a0\u00bb|||\u00a0\u00bb theme_builder_area=\u00a0\u00bbpost_content\u00a0\u00bb][et_pb_text _builder_version=\u00a0\u00bb4.16&Prime; background_size=\u00a0\u00bbinitial\u00a0\u00bb background_position=\u00a0\u00bbtop_left\u00a0\u00bb background_repeat=\u00a0\u00bbrepeat\u00a0\u00bb global_colors_info=\u00a0\u00bb{}\u00a0\u00bb theme_builder_area=\u00a0\u00bbpost_content\u00a0\u00bb]<!-- divi:paragraph -->\n<p><\/p>\n<!-- \/divi:paragraph -->\n\n<!-- divi:paragraph -->\n<p>Les vitraux ont \u00e9t\u00e9 r\u00e9alis\u00e9s par Louis Christolhomme en collaboration avec la communaut\u00e9.<\/p>\n<!-- \/divi:paragraph -->\n\n<!-- divi:paragraph -->\n<p>Vitraux compos\u00e9s selon une technique de vitrail \u00e0 la dalle de verre mise au point dans les ann\u00e9es 1930 et utilis\u00e9e en art moderne \u00e0 partir de 1948.<\/p>\n<!-- \/divi:paragraph -->[\/et_pb_text][\/et_pb_column][\/et_pb_row][et_pb_row use_custom_gutter=\u00a0\u00bbon\u00a0\u00bb gutter_width=\u00a0\u00bb1&Prime; _builder_version=\u00a0\u00bb4.19.0&Prime; _module_preset=\u00a0\u00bbdefault\u00a0\u00bb width=\u00a0\u00bb100%\u00a0\u00bb global_colors_info=\u00a0\u00bb{}\u00a0\u00bb theme_builder_area=\u00a0\u00bbpost_content\u00a0\u00bb][et_pb_column type=\u00a0\u00bb4_4&Prime; _builder_version=\u00a0\u00bb4.19.0&Prime; _module_preset=\u00a0\u00bbdefault\u00a0\u00bb custom_padding=\u00a0\u00bb0px|0px|0px|0px|false|false\u00a0\u00bb global_colors_info=\u00a0\u00bb{}\u00a0\u00bb theme_builder_area=\u00a0\u00bbpost_content\u00a0\u00bb][et_pb_gallery gallery_ids=\u00a0\u00bb623,624,625&Prime; posts_number=\u00a0\u00bb12&Prime; orientation=\u00a0\u00bbportrait\u00a0\u00bb show_title_and_caption=\u00a0\u00bboff\u00a0\u00bb show_pagination=\u00a0\u00bboff\u00a0\u00bb _builder_version=\u00a0\u00bb4.19.0&Prime; _module_preset=\u00a0\u00bbdefault\u00a0\u00bb module_alignment=\u00a0\u00bbcenter\u00a0\u00bb custom_margin=\u00a0\u00bb0px|0px|0px|0px|true|false\u00a0\u00bb custom_padding=\u00a0\u00bb0px|0px|0px|0px|true|false\u00a0\u00bb custom_css_gallery_item=\u00a0\u00bbwidth: 33.33% !important;||margin: 0 !important;||clear: none !important;\u00a0\u00bb global_colors_info=\u00a0\u00bb{}\u00a0\u00bb theme_builder_area=\u00a0\u00bbpost_content\u00a0\u00bb][\/et_pb_gallery][et_pb_text _builder_version=\u00a0\u00bb4.19.0&Prime; _module_preset=\u00a0\u00bbdefault\u00a0\u00bb global_colors_info=\u00a0\u00bb{}\u00a0\u00bb theme_builder_area=\u00a0\u00bbpost_content\u00a0\u00bb]<p style=\"text-align: center;\">La C\u00e8ne<\/p>[\/et_pb_text][\/et_pb_column][\/et_pb_row][et_pb_row use_custom_gutter=\u00a0\u00bbon\u00a0\u00bb gutter_width=\u00a0\u00bb1&Prime; _builder_version=\u00a0\u00bb4.19.0&Prime; _module_preset=\u00a0\u00bbdefault\u00a0\u00bb width=\u00a0\u00bb100%\u00a0\u00bb global_colors_info=\u00a0\u00bb{}\u00a0\u00bb theme_builder_area=\u00a0\u00bbpost_content\u00a0\u00bb][et_pb_column type=\u00a0\u00bb4_4&Prime; _builder_version=\u00a0\u00bb4.19.0&Prime; _module_preset=\u00a0\u00bbdefault\u00a0\u00bb custom_padding=\u00a0\u00bb0px|0px|0px|0px|false|false\u00a0\u00bb global_colors_info=\u00a0\u00bb{}\u00a0\u00bb theme_builder_area=\u00a0\u00bbpost_content\u00a0\u00bb][et_pb_gallery gallery_ids=\u00a0\u00bb591,593,594,595&Prime; posts_number=\u00a0\u00bb12&Prime; orientation=\u00a0\u00bbportrait\u00a0\u00bb show_title_and_caption=\u00a0\u00bboff\u00a0\u00bb show_pagination=\u00a0\u00bboff\u00a0\u00bb _builder_version=\u00a0\u00bb4.19.0&Prime; _module_preset=\u00a0\u00bbdefault\u00a0\u00bb module_alignment=\u00a0\u00bbcenter\u00a0\u00bb custom_margin=\u00a0\u00bb0px|0px|0px|0px|true|false\u00a0\u00bb custom_padding=\u00a0\u00bb0px|0px|0px|0px|true|false\u00a0\u00bb custom_css_gallery_item=\u00a0\u00bbwidth: 25% !important;||margin: 0 !important;||clear: none !important;\u00a0\u00bb global_colors_info=\u00a0\u00bb{}\u00a0\u00bb theme_builder_area=\u00a0\u00bbpost_content\u00a0\u00bb][\/et_pb_gallery][et_pb_text _builder_version=\u00a0\u00bb4.19.0&Prime; _module_preset=\u00a0\u00bbdefault\u00a0\u00bb global_colors_info=\u00a0\u00bb{}\u00a0\u00bb theme_builder_area=\u00a0\u00bbpost_content\u00a0\u00bb]<p style=\"text-align: center;\">La vocation<\/p>[\/et_pb_text][\/et_pb_column][\/et_pb_row][et_pb_row use_custom_gutter=\u00a0\u00bbon\u00a0\u00bb gutter_width=\u00a0\u00bb1&Prime; _builder_version=\u00a0\u00bb4.19.0&Prime; _module_preset=\u00a0\u00bbdefault\u00a0\u00bb width=\u00a0\u00bb100%\u00a0\u00bb global_colors_info=\u00a0\u00bb{}\u00a0\u00bb theme_builder_area=\u00a0\u00bbpost_content\u00a0\u00bb locked=\u00a0\u00bboff\u00a0\u00bb][et_pb_column type=\u00a0\u00bb4_4&Prime; _builder_version=\u00a0\u00bb4.19.0&Prime; _module_preset=\u00a0\u00bbdefault\u00a0\u00bb custom_padding=\u00a0\u00bb0px|0px|0px|0px|false|false\u00a0\u00bb global_colors_info=\u00a0\u00bb{}\u00a0\u00bb theme_builder_area=\u00a0\u00bbpost_content\u00a0\u00bb][et_pb_gallery gallery_ids=\u00a0\u00bb623,624,625&Prime; posts_number=\u00a0\u00bb12&Prime; orientation=\u00a0\u00bbportrait\u00a0\u00bb show_title_and_caption=\u00a0\u00bboff\u00a0\u00bb show_pagination=\u00a0\u00bboff\u00a0\u00bb _builder_version=\u00a0\u00bb4.19.0&Prime; _module_preset=\u00a0\u00bbdefault\u00a0\u00bb module_alignment=\u00a0\u00bbcenter\u00a0\u00bb custom_margin=\u00a0\u00bb0px|0px|0px|0px|true|false\u00a0\u00bb custom_padding=\u00a0\u00bb0px|0px|0px|0px|true|false\u00a0\u00bb hover_enabled=\u00a0\u00bb0&Prime; custom_css_gallery_item=\u00a0\u00bbwidth: 33.33% !important;||margin: 0 !important;||clear: none !important;\u00a0\u00bb global_colors_info=\u00a0\u00bb{}\u00a0\u00bb theme_builder_area=\u00a0\u00bbpost_content\u00a0\u00bb sticky_enabled=\u00a0\u00bb0&Prime;][\/et_pb_gallery][et_pb_text _builder_version=\u00a0\u00bb4.19.0&Prime; _module_preset=\u00a0\u00bbdefault\u00a0\u00bb global_colors_info=\u00a0\u00bb{}\u00a0\u00bb theme_builder_area=\u00a0\u00bbpost_content\u00a0\u00bb]<p style=\"text-align: center;\">La C\u00e8ne<\/p>[\/et_pb_text][\/et_pb_column][\/et_pb_row][et_pb_row column_structure=\u00a0\u00bb1_3,1_3,1_3&Prime; use_custom_gutter=\u00a0\u00bbon\u00a0\u00bb gutter_width=\u00a0\u00bb2&Prime; make_equal=\u00a0\u00bbon\u00a0\u00bb _builder_version=\u00a0\u00bb4.19.0&Prime; _module_preset=\u00a0\u00bbdefault\u00a0\u00bb background_color=\u00a0\u00bb#07060b\u00a0\u00bb width=\u00a0\u00bb100%\u00a0\u00bb custom_padding=\u00a0\u00bb|20px||20px|false|true\u00a0\u00bb global_colors_info=\u00a0\u00bb{}\u00a0\u00bb theme_builder_area=\u00a0\u00bbpost_content\u00a0\u00bb][et_pb_column type=\u00a0\u00bb1_3&Prime; _builder_version=\u00a0\u00bb4.19.0&Prime; _module_preset=\u00a0\u00bbdefault\u00a0\u00bb global_colors_info=\u00a0\u00bb{}\u00a0\u00bb theme_builder_area=\u00a0\u00bbpost_content\u00a0\u00bb][et_pb_image src=\u00a0\u00bbhttps:\/\/clarissesvoreppe.fr\/wp-content\/uploads\/2022\/12\/2014.11.10-Vitraux-38-scaled.jpg\u00a0\u00bb title_text=\u00a0\u00bb2014.11.10 Vitraux (38)\u00a0\u00bb show_in_lightbox=\u00a0\u00bbon\u00a0\u00bb _builder_version=\u00a0\u00bb4.19.0&Prime; _module_preset=\u00a0\u00bbdefault\u00a0\u00bb global_colors_info=\u00a0\u00bb{}\u00a0\u00bb theme_builder_area=\u00a0\u00bbpost_content\u00a0\u00bb][\/et_pb_image][\/et_pb_column][et_pb_column type=\u00a0\u00bb1_3&Prime; _builder_version=\u00a0\u00bb4.19.0&Prime; _module_preset=\u00a0\u00bbdefault\u00a0\u00bb global_colors_info=\u00a0\u00bb{}\u00a0\u00bb theme_builder_area=\u00a0\u00bbpost_content\u00a0\u00bb][et_pb_image src=\u00a0\u00bbhttps:\/\/clarissesvoreppe.fr\/wp-content\/uploads\/2022\/12\/2014.11.10-Vitraux-39-scaled.jpg\u00a0\u00bb title_text=\u00a0\u00bb2014.11.10 Vitraux (39)\u00a0\u00bb show_in_lightbox=\u00a0\u00bbon\u00a0\u00bb _builder_version=\u00a0\u00bb4.19.0&Prime; _module_preset=\u00a0\u00bbdefault\u00a0\u00bb global_colors_info=\u00a0\u00bb{}\u00a0\u00bb theme_builder_area=\u00a0\u00bbpost_content\u00a0\u00bb][\/et_pb_image][\/et_pb_column][et_pb_column type=\u00a0\u00bb1_3&Prime; _builder_version=\u00a0\u00bb4.19.0&Prime; _module_preset=\u00a0\u00bbdefault\u00a0\u00bb global_colors_info=\u00a0\u00bb{}\u00a0\u00bb theme_builder_area=\u00a0\u00bbpost_content\u00a0\u00bb][et_pb_image src=\u00a0\u00bbhttps:\/\/clarissesvoreppe.fr\/wp-content\/uploads\/2022\/12\/2014.11.10-Vitraux-40-scaled.jpg\u00a0\u00bb title_text=\u00a0\u00bb2014.11.10 Vitraux (40)\u00a0\u00bb show_in_lightbox=\u00a0\u00bbon\u00a0\u00bb _builder_version=\u00a0\u00bb4.19.0&Prime; _module_preset=\u00a0\u00bbdefault\u00a0\u00bb global_colors_info=\u00a0\u00bb{}\u00a0\u00bb theme_builder_area=\u00a0\u00bbpost_content\u00a0\u00bb][\/et_pb_image][\/et_pb_column][\/et_pb_row][et_pb_row _builder_version=\u00a0\u00bb4.19.0&Prime; _module_preset=\u00a0\u00bbdefault\u00a0\u00bb global_colors_info=\u00a0\u00bb{}\u00a0\u00bb theme_builder_area=\u00a0\u00bbpost_content\u00a0\u00bb][et_pb_column type=\u00a0\u00bb4_4&Prime; _builder_version=\u00a0\u00bb4.19.0&Prime; _module_preset=\u00a0\u00bbdefault\u00a0\u00bb global_colors_info=\u00a0\u00bb{}\u00a0\u00bb theme_builder_area=\u00a0\u00bbpost_content\u00a0\u00bb][et_pb_text _builder_version=\u00a0\u00bb4.19.0&Prime; _module_preset=\u00a0\u00bbdefault\u00a0\u00bb global_colors_info=\u00a0\u00bb{}\u00a0\u00bb theme_builder_area=\u00a0\u00bbpost_content\u00a0\u00bb]<p style=\"text-align: center;\">La C\u00e8ne<\/p>[\/et_pb_text][\/et_pb_column][\/et_pb_row][et_pb_row column_structure=\u00a0\u00bb1_4,1_4,1_4,1_4&Prime; use_custom_gutter=\u00a0\u00bbon\u00a0\u00bb _builder_version=\u00a0\u00bb4.19.0&Prime; _module_preset=\u00a0\u00bbdefault\u00a0\u00bb background_color=\u00a0\u00bb#0e1714&Prime; width=\u00a0\u00bb100%\u00a0\u00bb custom_padding=\u00a0\u00bb|20px||20px|false|true\u00a0\u00bb global_colors_info=\u00a0\u00bb{}\u00a0\u00bb theme_builder_area=\u00a0\u00bbpost_content\u00a0\u00bb][et_pb_column type=\u00a0\u00bb1_4&Prime; _builder_version=\u00a0\u00bb4.19.0&Prime; _module_preset=\u00a0\u00bbdefault\u00a0\u00bb global_colors_info=\u00a0\u00bb{}\u00a0\u00bb theme_builder_area=\u00a0\u00bbpost_content\u00a0\u00bb][et_pb_image src=\u00a0\u00bbhttps:\/\/clarissesvoreppe.fr\/wp-content\/uploads\/2022\/12\/2009.11.27-Vitraux-09.jpg\u00a0\u00bb title_text=\u00a0\u00bb2009.11.27 Vitraux (09)\u00a0\u00bb show_in_lightbox=\u00a0\u00bbon\u00a0\u00bb _builder_version=\u00a0\u00bb4.19.0&Prime; _module_preset=\u00a0\u00bbdefault\u00a0\u00bb global_colors_info=\u00a0\u00bb{}\u00a0\u00bb theme_builder_area=\u00a0\u00bbpost_content\u00a0\u00bb][\/et_pb_image][\/et_pb_column][et_pb_column type=\u00a0\u00bb1_4&Prime; _builder_version=\u00a0\u00bb4.19.0&Prime; _module_preset=\u00a0\u00bbdefault\u00a0\u00bb global_colors_info=\u00a0\u00bb{}\u00a0\u00bb theme_builder_area=\u00a0\u00bbpost_content\u00a0\u00bb][et_pb_image src=\u00a0\u00bbhttps:\/\/clarissesvoreppe.fr\/wp-content\/uploads\/2022\/12\/2009.11.27-Vitraux-10.jpg\u00a0\u00bb title_text=\u00a0\u00bb2009.11.27 Vitraux (10)\u00a0\u00bb show_in_lightbox=\u00a0\u00bbon\u00a0\u00bb _builder_version=\u00a0\u00bb4.19.0&Prime; _module_preset=\u00a0\u00bbdefault\u00a0\u00bb global_colors_info=\u00a0\u00bb{}\u00a0\u00bb theme_builder_area=\u00a0\u00bbpost_content\u00a0\u00bb][\/et_pb_image][\/et_pb_column][et_pb_column type=\u00a0\u00bb1_4&Prime; _builder_version=\u00a0\u00bb4.19.0&Prime; _module_preset=\u00a0\u00bbdefault\u00a0\u00bb global_colors_info=\u00a0\u00bb{}\u00a0\u00bb theme_builder_area=\u00a0\u00bbpost_content\u00a0\u00bb][et_pb_image src=\u00a0\u00bbhttps:\/\/clarissesvoreppe.fr\/wp-content\/uploads\/2022\/12\/2009.11.27-Vitraux-11.jpg\u00a0\u00bb title_text=\u00a0\u00bb2009.11.27 Vitraux (11)\u00a0\u00bb show_in_lightbox=\u00a0\u00bbon\u00a0\u00bb _builder_version=\u00a0\u00bb4.19.0&Prime; _module_preset=\u00a0\u00bbdefault\u00a0\u00bb global_colors_info=\u00a0\u00bb{}\u00a0\u00bb theme_builder_area=\u00a0\u00bbpost_content\u00a0\u00bb][\/et_pb_image][\/et_pb_column][et_pb_column type=\u00a0\u00bb1_4&Prime; _builder_version=\u00a0\u00bb4.19.0&Prime; _module_preset=\u00a0\u00bbdefault\u00a0\u00bb global_colors_info=\u00a0\u00bb{}\u00a0\u00bb theme_builder_area=\u00a0\u00bbpost_content\u00a0\u00bb][et_pb_image src=\u00a0\u00bbhttps:\/\/clarissesvoreppe.fr\/wp-content\/uploads\/2022\/12\/2009.11.27-Vitraux-12.jpg\u00a0\u00bb title_text=\u00a0\u00bb2009.11.27 Vitraux (12)\u00a0\u00bb show_in_lightbox=\u00a0\u00bbon\u00a0\u00bb _builder_version=\u00a0\u00bb4.19.0&Prime; _module_preset=\u00a0\u00bbdefault\u00a0\u00bb global_colors_info=\u00a0\u00bb{}\u00a0\u00bb theme_builder_area=\u00a0\u00bbpost_content\u00a0\u00bb][\/et_pb_image][\/et_pb_column][\/et_pb_row][et_pb_row _builder_version=\u00a0\u00bb4.19.0&Prime; _module_preset=\u00a0\u00bbdefault\u00a0\u00bb global_colors_info=\u00a0\u00bb{}\u00a0\u00bb theme_builder_area=\u00a0\u00bbpost_content\u00a0\u00bb][et_pb_column type=\u00a0\u00bb4_4&Prime; _builder_version=\u00a0\u00bb4.19.0&Prime; _module_preset=\u00a0\u00bbdefault\u00a0\u00bb global_colors_info=\u00a0\u00bb{}\u00a0\u00bb theme_builder_area=\u00a0\u00bbpost_content\u00a0\u00bb][et_pb_text _builder_version=\u00a0\u00bb4.19.0&Prime; _module_preset=\u00a0\u00bbdefault\u00a0\u00bb global_colors_info=\u00a0\u00bb{}\u00a0\u00bb theme_builder_area=\u00a0\u00bbpost_content\u00a0\u00bb]<p style=\"text-align: center;\">La vocation<\/p>[\/et_pb_text][\/et_pb_column][\/et_pb_row][\/et_pb_section]\n","protected":false},"excerpt":{"rendered":"<p>Les vitraux ont \u00e9t\u00e9 r\u00e9alis\u00e9s par Louis Christolhomme en collaboration avec la communaut\u00e9. Vitraux compos\u00e9s selon une technique de vitrail \u00e0 la dalle de verre mise au point dans les [&hellip;]<\/p>\n","protected":false},"author":1,"featured_media":1300,"comment_status":"open","ping_status":"open","sticky":false,"template":"","format":"standard","meta":{"_et_pb_use_builder":"on","_et_pb_old_content":"<!-- wp:paragraph -->\n<p><\/p>\n<!-- \/wp:paragraph -->\n\n<!-- wp:paragraph -->\n<p>Les vitraux ont \u00e9t\u00e9 r\u00e9alis\u00e9s par Louis Christolhomme en collaboration avec la communaut\u00e9.<\/p>\n<!-- \/wp:paragraph -->\n\n<!-- wp:paragraph -->\n<p>Vitraux compos\u00e9s selon une technique de vitrail \u00e0 la dalle de verre mise au point dans les ann\u00e9es 1930 et utilis\u00e9e en art moderne \u00e0 partir de 1948.<\/p>\n<!-- \/wp:paragraph -->","_et_gb_content_width":"","footnotes":""},"categories":[5],"tags":[],"class_list":["post-572","post","type-post","status-publish","format-standard","has-post-thumbnail","hentry","category-articles"],"yoast_head":"<!-- This site is optimized with the Yoast SEO plugin v27.4 - https:\/\/yoast.com\/product\/yoast-seo-wordpress\/ -->\n<title>Les vitraux - Monast\u00e8re des Clarisses Voreppe<\/title>\n<meta name=\"robots\" content=\"index, follow, max-snippet:-1, max-image-preview:large, max-video-preview:-1\" \/>\n<link rel=\"canonical\" href=\"https:\/\/clarissesvoreppe.fr\/index.php\/les-vitraux\/\" \/>\n<meta property=\"og:locale\" content=\"fr_FR\" \/>\n<meta property=\"og:type\" content=\"article\" \/>\n<meta property=\"og:title\" content=\"Les vitraux - Monast\u00e8re des Clarisses Voreppe\" \/>\n<meta property=\"og:description\" content=\"Les vitraux ont \u00e9t\u00e9 r\u00e9alis\u00e9s par Louis Christolhomme en collaboration avec la communaut\u00e9. Vitraux compos\u00e9s selon une technique de vitrail \u00e0 la dalle de verre mise au point dans les [&hellip;]\" \/>\n<meta property=\"og:url\" content=\"https:\/\/clarissesvoreppe.fr\/index.php\/les-vitraux\/\" \/>\n<meta property=\"og:site_name\" content=\"Monast\u00e8re des Clarisses Voreppe\" \/>\n<meta property=\"article:published_time\" content=\"2022-12-15T15:37:58+00:00\" \/>\n<meta property=\"article:modified_time\" content=\"2023-02-16T22:09:55+00:00\" \/>\n<meta property=\"og:image\" content=\"https:\/\/clarissesvoreppe.fr\/wp-content\/uploads\/2022\/12\/2014.11.10-Vitraux-23.jpg\" \/>\n\t<meta property=\"og:image:width\" content=\"2000\" \/>\n\t<meta property=\"og:image:height\" content=\"1286\" \/>\n\t<meta property=\"og:image:type\" content=\"image\/jpeg\" \/>\n<meta name=\"author\" content=\"Misha\" \/>\n<meta name=\"twitter:card\" content=\"summary_large_image\" \/>\n<meta name=\"twitter:label1\" content=\"\u00c9crit par\" \/>\n\t<meta name=\"twitter:data1\" content=\"Misha\" \/>\n\t<meta name=\"twitter:label2\" content=\"Dur\u00e9e de lecture estim\u00e9e\" \/>\n\t<meta name=\"twitter:data2\" content=\"6 minutes\" \/>\n<script type=\"application\/ld+json\" class=\"yoast-schema-graph\">{\"@context\":\"https:\\\/\\\/schema.org\",\"@graph\":[{\"@type\":\"Article\",\"@id\":\"https:\\\/\\\/clarissesvoreppe.fr\\\/index.php\\\/les-vitraux\\\/#article\",\"isPartOf\":{\"@id\":\"https:\\\/\\\/clarissesvoreppe.fr\\\/index.php\\\/les-vitraux\\\/\"},\"author\":{\"name\":\"Misha\",\"@id\":\"https:\\\/\\\/clarissesvoreppe.fr\\\/#\\\/schema\\\/person\\\/b60c973f4ea7ea95aa17c746a51d9ca4\"},\"headline\":\"Les vitraux\",\"datePublished\":\"2022-12-15T15:37:58+00:00\",\"dateModified\":\"2023-02-16T22:09:55+00:00\",\"mainEntityOfPage\":{\"@id\":\"https:\\\/\\\/clarissesvoreppe.fr\\\/index.php\\\/les-vitraux\\\/\"},\"wordCount\":1135,\"commentCount\":0,\"image\":{\"@id\":\"https:\\\/\\\/clarissesvoreppe.fr\\\/index.php\\\/les-vitraux\\\/#primaryimage\"},\"thumbnailUrl\":\"https:\\\/\\\/clarissesvoreppe.fr\\\/wp-content\\\/uploads\\\/2022\\\/12\\\/2014.11.10-Vitraux-23.jpg\",\"articleSection\":[\"articles r\u00e9cents\"],\"inLanguage\":\"fr-FR\",\"potentialAction\":[{\"@type\":\"CommentAction\",\"name\":\"Comment\",\"target\":[\"https:\\\/\\\/clarissesvoreppe.fr\\\/index.php\\\/les-vitraux\\\/#respond\"]}]},{\"@type\":\"WebPage\",\"@id\":\"https:\\\/\\\/clarissesvoreppe.fr\\\/index.php\\\/les-vitraux\\\/\",\"url\":\"https:\\\/\\\/clarissesvoreppe.fr\\\/index.php\\\/les-vitraux\\\/\",\"name\":\"Les vitraux - Monast\u00e8re des Clarisses Voreppe\",\"isPartOf\":{\"@id\":\"https:\\\/\\\/clarissesvoreppe.fr\\\/#website\"},\"primaryImageOfPage\":{\"@id\":\"https:\\\/\\\/clarissesvoreppe.fr\\\/index.php\\\/les-vitraux\\\/#primaryimage\"},\"image\":{\"@id\":\"https:\\\/\\\/clarissesvoreppe.fr\\\/index.php\\\/les-vitraux\\\/#primaryimage\"},\"thumbnailUrl\":\"https:\\\/\\\/clarissesvoreppe.fr\\\/wp-content\\\/uploads\\\/2022\\\/12\\\/2014.11.10-Vitraux-23.jpg\",\"datePublished\":\"2022-12-15T15:37:58+00:00\",\"dateModified\":\"2023-02-16T22:09:55+00:00\",\"author\":{\"@id\":\"https:\\\/\\\/clarissesvoreppe.fr\\\/#\\\/schema\\\/person\\\/b60c973f4ea7ea95aa17c746a51d9ca4\"},\"breadcrumb\":{\"@id\":\"https:\\\/\\\/clarissesvoreppe.fr\\\/index.php\\\/les-vitraux\\\/#breadcrumb\"},\"inLanguage\":\"fr-FR\",\"potentialAction\":[{\"@type\":\"ReadAction\",\"target\":[\"https:\\\/\\\/clarissesvoreppe.fr\\\/index.php\\\/les-vitraux\\\/\"]}]},{\"@type\":\"ImageObject\",\"inLanguage\":\"fr-FR\",\"@id\":\"https:\\\/\\\/clarissesvoreppe.fr\\\/index.php\\\/les-vitraux\\\/#primaryimage\",\"url\":\"https:\\\/\\\/clarissesvoreppe.fr\\\/wp-content\\\/uploads\\\/2022\\\/12\\\/2014.11.10-Vitraux-23.jpg\",\"contentUrl\":\"https:\\\/\\\/clarissesvoreppe.fr\\\/wp-content\\\/uploads\\\/2022\\\/12\\\/2014.11.10-Vitraux-23.jpg\",\"width\":2000,\"height\":1286},{\"@type\":\"BreadcrumbList\",\"@id\":\"https:\\\/\\\/clarissesvoreppe.fr\\\/index.php\\\/les-vitraux\\\/#breadcrumb\",\"itemListElement\":[{\"@type\":\"ListItem\",\"position\":1,\"name\":\"Accueil\",\"item\":\"https:\\\/\\\/clarissesvoreppe.fr\\\/\"},{\"@type\":\"ListItem\",\"position\":2,\"name\":\"Les vitraux\"}]},{\"@type\":\"WebSite\",\"@id\":\"https:\\\/\\\/clarissesvoreppe.fr\\\/#website\",\"url\":\"https:\\\/\\\/clarissesvoreppe.fr\\\/\",\"name\":\"Monast\u00e8re des Clarisses Voreppe\",\"description\":\"Paix et Bien\",\"potentialAction\":[{\"@type\":\"SearchAction\",\"target\":{\"@type\":\"EntryPoint\",\"urlTemplate\":\"https:\\\/\\\/clarissesvoreppe.fr\\\/?s={search_term_string}\"},\"query-input\":{\"@type\":\"PropertyValueSpecification\",\"valueRequired\":true,\"valueName\":\"search_term_string\"}}],\"inLanguage\":\"fr-FR\"},{\"@type\":\"Person\",\"@id\":\"https:\\\/\\\/clarissesvoreppe.fr\\\/#\\\/schema\\\/person\\\/b60c973f4ea7ea95aa17c746a51d9ca4\",\"name\":\"Misha\",\"image\":{\"@type\":\"ImageObject\",\"inLanguage\":\"fr-FR\",\"@id\":\"https:\\\/\\\/secure.gravatar.com\\\/avatar\\\/a8da2b11526cb744934bace23f7809c6f89c53a27c8583d1df7f7fd2d00ab77b?s=96&d=mm&r=g\",\"url\":\"https:\\\/\\\/secure.gravatar.com\\\/avatar\\\/a8da2b11526cb744934bace23f7809c6f89c53a27c8583d1df7f7fd2d00ab77b?s=96&d=mm&r=g\",\"contentUrl\":\"https:\\\/\\\/secure.gravatar.com\\\/avatar\\\/a8da2b11526cb744934bace23f7809c6f89c53a27c8583d1df7f7fd2d00ab77b?s=96&d=mm&r=g\",\"caption\":\"Misha\"},\"sameAs\":[\"http:\\\/\\\/clarissesvoreppe.fr\"],\"url\":\"https:\\\/\\\/clarissesvoreppe.fr\\\/index.php\\\/author\\\/admin3324\\\/\"}]}<\/script>\n<!-- \/ Yoast SEO plugin. -->","yoast_head_json":{"title":"Les vitraux - Monast\u00e8re des Clarisses Voreppe","robots":{"index":"index","follow":"follow","max-snippet":"max-snippet:-1","max-image-preview":"max-image-preview:large","max-video-preview":"max-video-preview:-1"},"canonical":"https:\/\/clarissesvoreppe.fr\/index.php\/les-vitraux\/","og_locale":"fr_FR","og_type":"article","og_title":"Les vitraux - Monast\u00e8re des Clarisses Voreppe","og_description":"Les vitraux ont \u00e9t\u00e9 r\u00e9alis\u00e9s par Louis Christolhomme en collaboration avec la communaut\u00e9. Vitraux compos\u00e9s selon une technique de vitrail \u00e0 la dalle de verre mise au point dans les [&hellip;]","og_url":"https:\/\/clarissesvoreppe.fr\/index.php\/les-vitraux\/","og_site_name":"Monast\u00e8re des Clarisses Voreppe","article_published_time":"2022-12-15T15:37:58+00:00","article_modified_time":"2023-02-16T22:09:55+00:00","og_image":[{"width":2000,"height":1286,"url":"https:\/\/clarissesvoreppe.fr\/wp-content\/uploads\/2022\/12\/2014.11.10-Vitraux-23.jpg","type":"image\/jpeg"}],"author":"Misha","twitter_card":"summary_large_image","twitter_misc":{"\u00c9crit par":"Misha","Dur\u00e9e de lecture estim\u00e9e":"6 minutes"},"schema":{"@context":"https:\/\/schema.org","@graph":[{"@type":"Article","@id":"https:\/\/clarissesvoreppe.fr\/index.php\/les-vitraux\/#article","isPartOf":{"@id":"https:\/\/clarissesvoreppe.fr\/index.php\/les-vitraux\/"},"author":{"name":"Misha","@id":"https:\/\/clarissesvoreppe.fr\/#\/schema\/person\/b60c973f4ea7ea95aa17c746a51d9ca4"},"headline":"Les vitraux","datePublished":"2022-12-15T15:37:58+00:00","dateModified":"2023-02-16T22:09:55+00:00","mainEntityOfPage":{"@id":"https:\/\/clarissesvoreppe.fr\/index.php\/les-vitraux\/"},"wordCount":1135,"commentCount":0,"image":{"@id":"https:\/\/clarissesvoreppe.fr\/index.php\/les-vitraux\/#primaryimage"},"thumbnailUrl":"https:\/\/clarissesvoreppe.fr\/wp-content\/uploads\/2022\/12\/2014.11.10-Vitraux-23.jpg","articleSection":["articles r\u00e9cents"],"inLanguage":"fr-FR","potentialAction":[{"@type":"CommentAction","name":"Comment","target":["https:\/\/clarissesvoreppe.fr\/index.php\/les-vitraux\/#respond"]}]},{"@type":"WebPage","@id":"https:\/\/clarissesvoreppe.fr\/index.php\/les-vitraux\/","url":"https:\/\/clarissesvoreppe.fr\/index.php\/les-vitraux\/","name":"Les vitraux - Monast\u00e8re des Clarisses Voreppe","isPartOf":{"@id":"https:\/\/clarissesvoreppe.fr\/#website"},"primaryImageOfPage":{"@id":"https:\/\/clarissesvoreppe.fr\/index.php\/les-vitraux\/#primaryimage"},"image":{"@id":"https:\/\/clarissesvoreppe.fr\/index.php\/les-vitraux\/#primaryimage"},"thumbnailUrl":"https:\/\/clarissesvoreppe.fr\/wp-content\/uploads\/2022\/12\/2014.11.10-Vitraux-23.jpg","datePublished":"2022-12-15T15:37:58+00:00","dateModified":"2023-02-16T22:09:55+00:00","author":{"@id":"https:\/\/clarissesvoreppe.fr\/#\/schema\/person\/b60c973f4ea7ea95aa17c746a51d9ca4"},"breadcrumb":{"@id":"https:\/\/clarissesvoreppe.fr\/index.php\/les-vitraux\/#breadcrumb"},"inLanguage":"fr-FR","potentialAction":[{"@type":"ReadAction","target":["https:\/\/clarissesvoreppe.fr\/index.php\/les-vitraux\/"]}]},{"@type":"ImageObject","inLanguage":"fr-FR","@id":"https:\/\/clarissesvoreppe.fr\/index.php\/les-vitraux\/#primaryimage","url":"https:\/\/clarissesvoreppe.fr\/wp-content\/uploads\/2022\/12\/2014.11.10-Vitraux-23.jpg","contentUrl":"https:\/\/clarissesvoreppe.fr\/wp-content\/uploads\/2022\/12\/2014.11.10-Vitraux-23.jpg","width":2000,"height":1286},{"@type":"BreadcrumbList","@id":"https:\/\/clarissesvoreppe.fr\/index.php\/les-vitraux\/#breadcrumb","itemListElement":[{"@type":"ListItem","position":1,"name":"Accueil","item":"https:\/\/clarissesvoreppe.fr\/"},{"@type":"ListItem","position":2,"name":"Les vitraux"}]},{"@type":"WebSite","@id":"https:\/\/clarissesvoreppe.fr\/#website","url":"https:\/\/clarissesvoreppe.fr\/","name":"Monast\u00e8re des Clarisses Voreppe","description":"Paix et Bien","potentialAction":[{"@type":"SearchAction","target":{"@type":"EntryPoint","urlTemplate":"https:\/\/clarissesvoreppe.fr\/?s={search_term_string}"},"query-input":{"@type":"PropertyValueSpecification","valueRequired":true,"valueName":"search_term_string"}}],"inLanguage":"fr-FR"},{"@type":"Person","@id":"https:\/\/clarissesvoreppe.fr\/#\/schema\/person\/b60c973f4ea7ea95aa17c746a51d9ca4","name":"Misha","image":{"@type":"ImageObject","inLanguage":"fr-FR","@id":"https:\/\/secure.gravatar.com\/avatar\/a8da2b11526cb744934bace23f7809c6f89c53a27c8583d1df7f7fd2d00ab77b?s=96&d=mm&r=g","url":"https:\/\/secure.gravatar.com\/avatar\/a8da2b11526cb744934bace23f7809c6f89c53a27c8583d1df7f7fd2d00ab77b?s=96&d=mm&r=g","contentUrl":"https:\/\/secure.gravatar.com\/avatar\/a8da2b11526cb744934bace23f7809c6f89c53a27c8583d1df7f7fd2d00ab77b?s=96&d=mm&r=g","caption":"Misha"},"sameAs":["http:\/\/clarissesvoreppe.fr"],"url":"https:\/\/clarissesvoreppe.fr\/index.php\/author\/admin3324\/"}]}},"_links":{"self":[{"href":"https:\/\/clarissesvoreppe.fr\/index.php\/wp-json\/wp\/v2\/posts\/572","targetHints":{"allow":["GET"]}}],"collection":[{"href":"https:\/\/clarissesvoreppe.fr\/index.php\/wp-json\/wp\/v2\/posts"}],"about":[{"href":"https:\/\/clarissesvoreppe.fr\/index.php\/wp-json\/wp\/v2\/types\/post"}],"author":[{"embeddable":true,"href":"https:\/\/clarissesvoreppe.fr\/index.php\/wp-json\/wp\/v2\/users\/1"}],"replies":[{"embeddable":true,"href":"https:\/\/clarissesvoreppe.fr\/index.php\/wp-json\/wp\/v2\/comments?post=572"}],"version-history":[{"count":8,"href":"https:\/\/clarissesvoreppe.fr\/index.php\/wp-json\/wp\/v2\/posts\/572\/revisions"}],"predecessor-version":[{"id":1301,"href":"https:\/\/clarissesvoreppe.fr\/index.php\/wp-json\/wp\/v2\/posts\/572\/revisions\/1301"}],"wp:featuredmedia":[{"embeddable":true,"href":"https:\/\/clarissesvoreppe.fr\/index.php\/wp-json\/wp\/v2\/media\/1300"}],"wp:attachment":[{"href":"https:\/\/clarissesvoreppe.fr\/index.php\/wp-json\/wp\/v2\/media?parent=572"}],"wp:term":[{"taxonomy":"category","embeddable":true,"href":"https:\/\/clarissesvoreppe.fr\/index.php\/wp-json\/wp\/v2\/categories?post=572"},{"taxonomy":"post_tag","embeddable":true,"href":"https:\/\/clarissesvoreppe.fr\/index.php\/wp-json\/wp\/v2\/tags?post=572"}],"curies":[{"name":"wp","href":"https:\/\/api.w.org\/{rel}","templated":true}]}}